{"id":530,"date":"2026-08-27T10:12:20","date_gmt":"2026-08-27T13:12:20","guid":{"rendered":"https:\/\/www.superestagios.com.br\/blog\/?p=530"},"modified":"2026-08-27T10:12:21","modified_gmt":"2026-08-27T13:12:21","slug":"gestao-do-tempo-no-estagio","status":"publish","type":"post","link":"https:\/\/www.superestagios.com.br\/blog\/gestao-do-tempo-no-estagio\/","title":{"rendered":"Gest\u00e3o do tempo no est\u00e1gio: 8 dicas para organizar o tempo entre est\u00e1gio e rotina profissional"},"content":{"rendered":"\n<p class=\"wp-block-paragraph\">Conciliar est\u00e1gio, faculdade ou ensino t\u00e9cnico pode exigir uma reorganiza\u00e7\u00e3o significativa da rotina, especialmente quando existem deslocamentos, provas, trabalhos acad\u00eamicos e prazos profissionais pr\u00f3ximos. Nesse cen\u00e1rio, a&nbsp;gest\u00e3o do tempo&nbsp;ajuda o estudante a visualizar compromissos, definir prioridades, proteger per\u00edodos de descanso e comunicar poss\u00edveis conflitos com anteced\u00eancia.<\/p>\n\n\n\n<p class=\"wp-block-paragraph\">Este guia apresenta estrat\u00e9gias de&nbsp;gest\u00e3o do tempo para estudantes&nbsp;que podem ser adaptadas a diferentes rotinas. Essas estrat\u00e9gias, por\u00e9m, n\u00e3o substituem os limites legais da jornada de est\u00e1gio, a supervis\u00e3o da empresa, o acompanhamento da institui\u00e7\u00e3o de ensino ou os cuidados necess\u00e1rios com a sa\u00fade.<\/p>\n\n\n\n<p class=\"wp-block-paragraph\">Aten\u00e7\u00e3o: a&nbsp;gest\u00e3o do tempo&nbsp;n\u00e3o deve ser usada para justificar excesso de jornada, noites mal dormidas ou atividades incompat\u00edveis com o termo de compromisso. Conciliar est\u00e1gio e estudos \u00e9 uma responsabilidade compartilhada entre estudante, empresa, supervisor, institui\u00e7\u00e3o de ensino e equipe.<\/p>\n\n\n\n<h2 class=\"wp-block-heading\">Sum\u00e1rio<\/h2>\n\n\n\n<ul class=\"wp-block-list\">\n<li><a href=\"#o-desafio\" data-type=\"page\" data-id=\"10\">O desafio da gest\u00e3o do tempo entre estudos e est\u00e1gio<\/a><\/li>\n\n\n\n<li><a href=\"#limites-legais\" data-type=\"page\" data-id=\"10\">Limites legais e organiza\u00e7\u00e3o da jornada<\/a><\/li>\n\n\n\n<li><a href=\"#matriz\" data-type=\"page\" data-id=\"10\">A matriz de Eisenhower na gest\u00e3o do tempo<\/a><\/li>\n\n\n\n<li><a href=\"#tecnicas\" data-type=\"page\" data-id=\"10\">T\u00e9cnicas de gest\u00e3o do tempo que podem ser testadas<\/a><\/li>\n\n\n\n<li><a href=\"#semana-de-provas\" data-type=\"page\" data-id=\"10\">Gest\u00e3o do tempo em semanas de provas<\/a><\/li>\n\n\n\n<li><a href=\"#ferramentas\" data-type=\"page\" data-id=\"10\">Ferramentas para organizar a rotina<\/a><\/li>\n\n\n\n<li><a href=\"#saude-mental\" data-type=\"page\" data-id=\"10\">Limites, descanso e sa\u00fade<\/a><\/li>\n\n\n\n<li><a href=\"#responsabilidade\" data-type=\"page\" data-id=\"10\">Responsabilidade compartilhada<\/a><\/li>\n\n\n\n<li><a href=\"#ajuda\" data-type=\"page\" data-id=\"10\">Quando pedir ajuda<\/a><\/li>\n\n\n\n<li><a href=\"#checklist\" data-type=\"page\" data-id=\"10\">Checklist de gest\u00e3o do tempo sustent\u00e1vel<\/a><\/li>\n<\/ul>\n\n\n\n<h2 class=\"o-desafio\">O desafio da gest\u00e3o do tempo entre estudos e est\u00e1gio<\/h2>\n\n\n\n<p class=\"wp-block-paragraph\">Para muitos estudantes, o est\u00e1gio acrescenta uma responsabilidade profissional \u00e0 rotina acad\u00eamica. A&nbsp;gest\u00e3o do tempo entre faculdade e est\u00e1gio&nbsp;pode se tornar mais dif\u00edcil quando h\u00e1 deslocamentos longos, hor\u00e1rios r\u00edgidos, trabalhos em grupo, provas pr\u00f3ximas, tarefas dom\u00e9sticas ou outras responsabilidades pessoais.<\/p>\n\n\n\n<p class=\"wp-block-paragraph\">A rotina n\u00e3o \u00e9 igual para todos. Alguns estudantes j\u00e1 tiveram experi\u00eancias profissionais, enquanto outros est\u00e3o iniciando sua trajet\u00f3ria. Tamb\u00e9m existem diferen\u00e7as relacionadas ao curso, \u00e0 modalidade de ensino, \u00e0 situa\u00e7\u00e3o financeira, \u00e0s condi\u00e7\u00f5es de sa\u00fade, \u00e0 rede de apoio e \u00e0 disponibilidade de transporte.<\/p>\n\n\n\n<p class=\"wp-block-paragraph\">Por isso, uma boa estrat\u00e9gia de&nbsp;gest\u00e3o do tempo&nbsp;precisa considerar as condi\u00e7\u00f5es reais de cada pessoa. N\u00e3o basta copiar a agenda de outro estudante ou preencher todos os hor\u00e1rios dispon\u00edveis com atividades.<\/p>\n\n\n\n<p class=\"wp-block-paragraph\">Alguns sinais de que a gest\u00e3o da rotina precisa ser revista s\u00e3o:<\/p>\n\n\n\n<ul class=\"wp-block-list\">\n<li>Ac\u00famulo frequente de tarefas, mesmo quando existe planejamento.<\/li>\n\n\n\n<li>Atrasos recorrentes\u00a0em compromissos acad\u00eamicos ou profissionais.<\/li>\n\n\n\n<li>Redu\u00e7\u00e3o do sono\u00a0para conseguir cumprir prazos.<\/li>\n\n\n\n<li>Dificuldade persistente de concentra\u00e7\u00e3o\u00a0durante as aulas ou o est\u00e1gio.<\/li>\n\n\n\n<li>Sensa\u00e7\u00e3o cont\u00ednua de sobrecarga, sem per\u00edodos suficientes de recupera\u00e7\u00e3o.<\/li>\n<\/ul>\n\n\n\n<p class=\"wp-block-paragraph\">Esses sinais n\u00e3o devem ser interpretados automaticamente como falta de disciplina ou falha na&nbsp;gest\u00e3o do tempo. Eles tamb\u00e9m podem indicar excesso de demandas, prioridades mal combinadas, falta de apoio ou necessidade de atendimento especializado.<\/p>\n\n\n\n<p class=\"wp-block-paragraph\">Gest\u00e3o do tempo n\u00e3o significa estudar e trabalhar o m\u00e1ximo poss\u00edvel. Significa visualizar os compromissos, reservar per\u00edodos realistas, reduzir distra\u00e7\u00f5es evit\u00e1veis, proteger o descanso e comunicar conflitos antes que eles se transformem em crises.<\/p>\n\n\n\n<h2 class=\"limites-legais\">Limites legais e organiza\u00e7\u00e3o da jornada<\/h2>\n\n\n\n<p class=\"wp-block-paragraph\">Antes de escolher qualquer m\u00e9todo de&nbsp;gest\u00e3o do tempo, confira o termo de compromisso e conhe\u00e7a a jornada prevista para o est\u00e1gio. Nenhuma t\u00e9cnica de produtividade pode transformar uma jornada incompat\u00edvel com a lei ou com os estudos em uma rotina sustent\u00e1vel.<\/p>\n\n\n\n<p class=\"wp-block-paragraph\">A Lei n\u00ba 11.788\/2008 determina que a jornada seja definida em comum acordo entre a institui\u00e7\u00e3o de ensino, a parte concedente e o estudante. Essa jornada deve constar do termo de compromisso, ser compat\u00edvel com as atividades escolares e respeitar os limites legais.<\/p>\n\n\n\n<p class=\"wp-block-paragraph\">Para estudantes do ensino superior, da educa\u00e7\u00e3o profissional de n\u00edvel m\u00e9dio e do ensino m\u00e9dio regular, a regra geral \u00e9 de at\u00e9&nbsp;6 horas di\u00e1rias e 30 horas semanais.<\/p>\n\n\n\n<p class=\"wp-block-paragraph\">Para estudantes da educa\u00e7\u00e3o especial e dos anos finais do ensino fundamental, na modalidade profissional da educa\u00e7\u00e3o de jovens e adultos, o limite \u00e9 de at\u00e9&nbsp;4 horas di\u00e1rias e 20 horas semanais.<\/p>\n\n\n\n<p class=\"wp-block-paragraph\">Nos cursos que alternam teoria e pr\u00e1tica, durante os per\u00edodos em que n\u00e3o est\u00e3o programadas aulas presenciais, a jornada pode chegar a&nbsp;40 horas semanais, desde que essa possibilidade esteja prevista no projeto pedag\u00f3gico do curso e da institui\u00e7\u00e3o de ensino.<\/p>\n\n\n\n<p class=\"wp-block-paragraph\">Se a institui\u00e7\u00e3o de ensino adotar avalia\u00e7\u00f5es peri\u00f3dicas ou finais, a carga hor\u00e1ria do est\u00e1gio dever\u00e1 ser reduzida pelo menos \u00e0 metade nos per\u00edodos de avalia\u00e7\u00e3o, conforme estipulado no termo de compromisso. Essa redu\u00e7\u00e3o existe para favorecer o desempenho acad\u00eamico do estudante.\u00a0<\/p>\n\n\n\n<p class=\"wp-block-paragraph\">Como parte da&nbsp;gest\u00e3o do tempo em per\u00edodos de prova, comunique as datas das avalia\u00e7\u00f5es ao supervisor ou ao RH com anteced\u00eancia. Tamb\u00e9m confirme como a redu\u00e7\u00e3o ser\u00e1 aplicada, quais documentos precisam ser apresentados e quais dias est\u00e3o abrangidos pelo procedimento adotado pela empresa e pela institui\u00e7\u00e3o de ensino.<\/p>\n\n\n\n<p class=\"wp-block-paragraph\">A empresa deve manter as atividades compat\u00edveis com o termo de compromisso e oferecer acompanhamento efetivo. Se o estudante estiver realizando tarefas incompat\u00edveis, trabalhando al\u00e9m da jornada pactuada ou sem supervis\u00e3o adequada, a situa\u00e7\u00e3o n\u00e3o deve ser tratada apenas como um problema de gest\u00e3o do tempo.<\/p>\n\n\n\n<p class=\"wp-block-paragraph\">Nesses casos, \u00e9 necess\u00e1rio conversar com o supervisor, o RH e a institui\u00e7\u00e3o de ensino.<\/p>\n\n\n\n<h2 class=\"matriz\">A matriz de Eisenhower na gest\u00e3o do tempo<\/h2>\n\n\n\n<p class=\"wp-block-paragraph\">Quando tudo parece urgente, pode ser dif\u00edcil identificar o que realmente precisa ser feito primeiro. A matriz de Eisenhower \u00e9 uma t\u00e9cnica de&nbsp;gest\u00e3o do tempo e prioriza\u00e7\u00e3o de tarefas&nbsp;que organiza as demandas a partir de duas dimens\u00f5es: urg\u00eancia e import\u00e2ncia.<\/p>\n\n\n\n<figure class=\"wp-block-table\"><table class=\"has-fixed-layout\"><thead><tr><th>Categoria<\/th><th>Exemplos<\/th><th>Poss\u00edvel a\u00e7\u00e3o<\/th><\/tr><\/thead><tbody><tr><td>Importante e urgente<\/td><td>Prova no dia seguinte, entrega profissional imediata ou problema que bloqueia a equipe<\/td><td>Resolver primeiro e comunicar limita\u00e7\u00f5es<\/td><\/tr><tr><td>Importante e n\u00e3o urgente<\/td><td>Estudar gradualmente, preparar um projeto ou revisar uma entrega<\/td><td>Planejar e reservar blocos de tempo<\/td><\/tr><tr><td>Urgente, mas menos importante<\/td><td>Solicita\u00e7\u00e3o que precisa de resposta, mas n\u00e3o exige atua\u00e7\u00e3o exclusiva<\/td><td>Responder, delegar quando poss\u00edvel ou negociar prazo<\/td><\/tr><tr><td>Pouco importante e n\u00e3o urgente<\/td><td>Excesso de notifica\u00e7\u00f5es ou atividade de baixo impacto<\/td><td>Reduzir, adiar ou eliminar<\/td><\/tr><\/tbody><\/table><\/figure>\n\n\n\n<p class=\"wp-block-paragraph\">A matriz pode apoiar a&nbsp;gest\u00e3o do tempo no est\u00e1gio e na faculdade, mas n\u00e3o determina sozinha o que deve ser feito. Uma tarefa urgente para o estudante pode bloquear o trabalho de outra pessoa, enquanto uma atividade aparentemente importante pode ter prazo negoci\u00e1vel.<\/p>\n\n\n\n<p class=\"wp-block-paragraph\">Por isso, n\u00e3o classifique automaticamente toda demanda profissional como irrelevante por causa de uma prova. Da mesma forma, n\u00e3o sacrifique continuamente os estudos para atender solicita\u00e7\u00f5es que poderiam ser planejadas ou redistribu\u00eddas.<\/p>\n\n\n\n<p class=\"wp-block-paragraph\">Quando houver conflito, comunique a situa\u00e7\u00e3o e confirme a prioridade com as pessoas respons\u00e1veis.<\/p>\n\n\n\n<p class=\"wp-block-paragraph\">Pesquisas sobre o chamado\u00a0<em>efeito da mera urg\u00eancia<\/em>\u00a0indicam que as pessoas podem escolher tarefas urgentes e menos importantes antes de tarefas importantes com maior impacto. Esse efeito n\u00e3o significa que toda urg\u00eancia seja falsa. Ele mostra que a\u00a0gest\u00e3o do tempo\u00a0deve considerar prazo, import\u00e2ncia, impacto, depend\u00eancias e consequ\u00eancias, em vez de responder apenas \u00e0 press\u00e3o imediata.\u00a0<\/p>\n\n\n\n<h3 class=\"wp-block-heading\">Como aplicar a matriz<\/h3>\n\n\n\n<ol class=\"wp-block-list\">\n<li>Liste os compromissos:\u00a0registre provas, trabalhos, tarefas do est\u00e1gio, compromissos pessoais e prazos.<\/li>\n\n\n\n<li>Anote a data real:\u00a0diferencie o prazo oficial de uma data interna criada para revis\u00e3o.<\/li>\n\n\n\n<li>Estime o tempo necess\u00e1rio:\u00a0inclua prepara\u00e7\u00e3o, execu\u00e7\u00e3o, revis\u00e3o e deslocamento.<\/li>\n\n\n\n<li>Identifique depend\u00eancias:\u00a0registre quais tarefas dependem de colegas, professores ou supervisores.<\/li>\n\n\n\n<li>Avalie impacto e urg\u00eancia:\u00a0considere as consequ\u00eancias de atrasar cada atividade.<\/li>\n\n\n\n<li>Confirme prioridades:\u00a0quando houver conflito, converse com o respons\u00e1vel.<\/li>\n\n\n\n<li>Revise diariamente:\u00a0atualize a matriz no in\u00edcio ou no fim do dia.<\/li>\n<\/ol>\n\n\n\n<h2 class=\"tecnicas\">T\u00e9cnicas de gest\u00e3o do tempo que podem ser testadas<\/h2>\n\n\n\n<p class=\"wp-block-paragraph\">Nenhuma t\u00e9cnica de&nbsp;gest\u00e3o do tempo&nbsp;funciona da mesma maneira para todas as pessoas. Escolha uma abordagem simples, experimente por algumas semanas e adapte o m\u00e9todo \u00e0 sua rotina.<\/p>\n\n\n\n<h3 class=\"wp-block-heading\">Calend\u00e1rio semanal<\/h3>\n\n\n\n<p class=\"wp-block-paragraph\">Use um calend\u00e1rio para registrar aulas, provas, jornada do est\u00e1gio, deslocamentos, compromissos pessoais e prazos. Reserve tamb\u00e9m per\u00edodos de estudo, alimenta\u00e7\u00e3o e descanso.<\/p>\n\n\n\n<p class=\"wp-block-paragraph\">Uma agenda que cont\u00e9m apenas tarefas, mas ignora deslocamentos e recupera\u00e7\u00e3o, cria uma falsa sensa\u00e7\u00e3o de disponibilidade. A&nbsp;gest\u00e3o do tempo semanal&nbsp;precisa representar o tempo que realmente existe.<\/p>\n\n\n\n<h3 class=\"wp-block-heading\">Blocos de tempo<\/h3>\n\n\n\n<p class=\"wp-block-paragraph\">O&nbsp;<em>time blocking<\/em>, ou planejamento por blocos de tempo, consiste em reservar per\u00edodos para tipos espec\u00edficos de atividade, como estudo, leitura, tarefas do est\u00e1gio, revis\u00e3o e descanso.<\/p>\n\n\n\n<p class=\"wp-block-paragraph\">Evite preencher todos os minutos do dia. Uma estrat\u00e9gia sustent\u00e1vel de&nbsp;gest\u00e3o do tempo&nbsp;deve deixar margens para atrasos, mudan\u00e7as de prioridade e imprevistos.<\/p>\n\n\n\n<h3 class=\"wp-block-heading\">Lista de pr\u00f3ximas a\u00e7\u00f5es<\/h3>\n\n\n\n<p class=\"wp-block-paragraph\">Em vez de escrever apenas &#8220;estudar para a prova&#8221;, transforme a tarefa em a\u00e7\u00f5es menores:<\/p>\n\n\n\n<ul class=\"wp-block-list\">\n<li>Separar o material\u00a0que ser\u00e1 utilizado.<\/li>\n\n\n\n<li>Revisar o primeiro cap\u00edtulo\u00a0da disciplina.<\/li>\n\n\n\n<li>Resolver dez exerc\u00edcios\u00a0sobre o conte\u00fado.<\/li>\n\n\n\n<li>Anotar d\u00favidas\u00a0para levar ao professor.<\/li>\n<\/ul>\n\n\n\n<p class=\"wp-block-paragraph\">Tarefas espec\u00edficas facilitam o in\u00edcio, melhoram a visualiza\u00e7\u00e3o do progresso e tornam a&nbsp;gest\u00e3o do tempo de estudo&nbsp;mais concreta.<\/p>\n\n\n\n<h3 class=\"wp-block-heading\">Pomodoro e intervalos de foco<\/h3>\n\n\n\n<p class=\"wp-block-paragraph\">O m\u00e9todo Pomodoro prop\u00f5e alternar per\u00edodos de concentra\u00e7\u00e3o com pausas curtas. Embora seja comum utilizar blocos de 25 minutos, essa dura\u00e7\u00e3o n\u00e3o \u00e9 obrigat\u00f3ria.<\/p>\n\n\n\n<p class=\"wp-block-paragraph\">O estudante pode ajustar os per\u00edodos de foco conforme a complexidade da tarefa, o ambiente e sua capacidade de concentra\u00e7\u00e3o. Essa t\u00e9cnica de&nbsp;gest\u00e3o do tempo&nbsp;n\u00e3o substitui pausas maiores, alimenta\u00e7\u00e3o, sono adequado nem um planejamento realista.<\/p>\n\n\n\n<h3 class=\"wp-block-heading\">Planejamento reverso<\/h3>\n\n\n\n<p class=\"wp-block-paragraph\">No planejamento reverso, a organiza\u00e7\u00e3o come\u00e7a pelo prazo final. A partir dele, o estudante define quando pesquisar, produzir uma primeira vers\u00e3o, revisar e entregar.<\/p>\n\n\n\n<p class=\"wp-block-paragraph\">Essa t\u00e9cnica de&nbsp;gest\u00e3o do tempo acad\u00eamico&nbsp;\u00e9 especialmente \u00fatil para trabalhos extensos e atividades que dependem da participa\u00e7\u00e3o de outras pessoas.<\/p>\n\n\n\n<h3 class=\"wp-block-heading\">Revis\u00e3o semanal<\/h3>\n\n\n\n<p class=\"wp-block-paragraph\">Uma vez por semana, verifique:<\/p>\n\n\n\n<ul class=\"wp-block-list\">\n<li>O que foi conclu\u00eddo\u00a0e o que permanece pendente.<\/li>\n\n\n\n<li>Quais prazos est\u00e3o pr\u00f3ximos\u00a0e exigem prepara\u00e7\u00e3o.<\/li>\n\n\n\n<li>Onde ocorreu sobrecarga\u00a0ou estimativa incorreta.<\/li>\n\n\n\n<li>Quais compromissos precisam ser renegociados.<\/li>\n\n\n\n<li>Quanto tempo ficou dispon\u00edvel para descanso.<\/li>\n<\/ul>\n\n\n\n<p class=\"wp-block-paragraph\">A revis\u00e3o semanal n\u00e3o serve para cobrar perfei\u00e7\u00e3o. Seu objetivo \u00e9 adaptar a&nbsp;gest\u00e3o do tempo&nbsp;\u00e0 realidade observada.<\/p>\n\n\n\n<h2 class=\"semana-de-provas\">Gest\u00e3o do tempo em semanas de provas<\/h2>\n\n\n\n<p class=\"wp-block-paragraph\">A&nbsp;gest\u00e3o do tempo em semanas de provas&nbsp;deve come\u00e7ar assim que o calend\u00e1rio de avalia\u00e7\u00f5es for divulgado. Esperar a semana da prova para reorganizar todos os compromissos aumenta o risco de conflitos e sobrecarga.<\/p>\n\n\n\n<figure class=\"wp-block-table\"><table class=\"has-fixed-layout\"><thead><tr><th>Momento<\/th><th>A\u00e7\u00e3o de gest\u00e3o do tempo<\/th><\/tr><\/thead><tbody><tr><td>Assim que a data for divulgada<\/td><td>Registrar a avalia\u00e7\u00e3o, verificar as regras da institui\u00e7\u00e3o e comunicar a empresa<\/td><\/tr><tr><td>Duas ou mais semanas antes<\/td><td>Dividir o conte\u00fado em partes menores e identificar os assuntos mais dif\u00edceis<\/td><\/tr><tr><td>Na semana anterior<\/td><td>Priorizar revis\u00e3o, exerc\u00edcios e d\u00favidas; reduzir compromissos n\u00e3o essenciais<\/td><\/tr><tr><td>No dia anterior<\/td><td>Organizar os materiais, evitar excesso de estudo de \u00faltima hora e proteger o sono<\/td><\/tr><\/tbody><\/table><\/figure>\n\n\n\n<p class=\"wp-block-paragraph\">Se uma prova coincidir com uma entrega profissional, n\u00e3o espere o \u00faltimo momento para avisar. Explique a situa\u00e7\u00e3o, apresente as datas e pe\u00e7a orienta\u00e7\u00e3o sobre prioridade, redistribui\u00e7\u00e3o ou renegocia\u00e7\u00e3o do prazo. Registre o que foi combinado para reduzir o risco de interpreta\u00e7\u00f5es diferentes.<\/p>\n\n\n\n<p class=\"wp-block-paragraph\">A&nbsp;gest\u00e3o do tempo durante avalia\u00e7\u00f5es&nbsp;tamb\u00e9m deve considerar a redu\u00e7\u00e3o legal da jornada. A Lei do Est\u00e1gio prev\u00ea que, se a institui\u00e7\u00e3o adotar avalia\u00e7\u00f5es peri\u00f3dicas ou finais, a carga hor\u00e1ria seja reduzida pelo menos \u00e0 metade nos per\u00edodos de avalia\u00e7\u00e3o, conforme estipulado no termo de compromisso.<\/p>\n\n\n\n<p class=\"wp-block-paragraph\">Consulte a institui\u00e7\u00e3o de ensino e a empresa para confirmar como essa regra ser\u00e1 aplicada no seu caso. A exist\u00eancia desse direito n\u00e3o elimina a import\u00e2ncia da comunica\u00e7\u00e3o antecipada.<\/p>\n\n\n\n<h2 class=\"ferramentas\">Ferramentas de gest\u00e3o do tempo<\/h2>\n\n\n\n<p class=\"wp-block-paragraph\">Ferramentas digitais podem auxiliar na&nbsp;gest\u00e3o do tempo, mas n\u00e3o s\u00e3o indispens\u00e1veis. Uma agenda de papel, uma planilha, um calend\u00e1rio simples ou um quadro f\u00edsico podem ser suficientes.<\/p>\n\n\n\n<p class=\"wp-block-paragraph\">O melhor sistema de gest\u00e3o do tempo \u00e9 aquele que o estudante consegue consultar, compreender e manter atualizado.<\/p>\n\n\n\n<p class=\"wp-block-paragraph\">Ao escolher uma ferramenta, considere:<\/p>\n\n\n\n<ul class=\"wp-block-list\">\n<li>Facilidade de uso e acessibilidade, inclusive em diferentes dispositivos.<\/li>\n\n\n\n<li>Visualiza\u00e7\u00e3o de prazos e compromissos, sem excesso de informa\u00e7\u00f5es.<\/li>\n\n\n\n<li>Compatibilidade com os sistemas autorizados pela empresa.<\/li>\n\n\n\n<li>Prote\u00e7\u00e3o de dados e informa\u00e7\u00f5es confidenciais.<\/li>\n\n\n\n<li>Risco de excesso de notifica\u00e7\u00f5es e interrup\u00e7\u00f5es.<\/li>\n\n\n\n<li>Funcionamento em caso de falha de internet ou bateria.<\/li>\n<\/ul>\n\n\n\n<p class=\"wp-block-paragraph\">N\u00e3o registre informa\u00e7\u00f5es sigilosas do est\u00e1gio em aplicativos pessoais sem autoriza\u00e7\u00e3o. Para tarefas profissionais, utilize as ferramentas indicadas pela empresa e observe as regras de seguran\u00e7a da informa\u00e7\u00e3o.<\/p>\n\n\n\n<p class=\"wp-block-paragraph\">Um sistema b\u00e1sico de&nbsp;gest\u00e3o do tempo&nbsp;pode conter:<\/p>\n\n\n\n<ol class=\"wp-block-list\">\n<li>Um calend\u00e1rio central, com aulas, est\u00e1gio, provas, deslocamentos e prazos.<\/li>\n\n\n\n<li>Uma lista de tarefas, separando atividades acad\u00eamicas e profissionais.<\/li>\n\n\n\n<li>Um espa\u00e7o para d\u00favidas e depend\u00eancias, indicando quem precisa responder.<\/li>\n\n\n\n<li>Alertas seletivos, usados apenas para compromissos relevantes.<\/li>\n\n\n\n<li>Uma revis\u00e3o semanal, para atualizar prazos e prioridades.<\/li>\n<\/ol>\n\n\n\n<h2 class=\"saude-mental\">Gest\u00e3o do tempo, descanso e sa\u00fade<\/h2>\n\n\n\n<p class=\"wp-block-paragraph\">A&nbsp;gest\u00e3o do tempo saud\u00e1vel&nbsp;deve contribuir para uma rotina sustent\u00e1vel, n\u00e3o para extrair o m\u00e1ximo de produtividade de cada hora. Pausas, alimenta\u00e7\u00e3o, deslocamento, conviv\u00eancia, lazer e sono fazem parte da vida e n\u00e3o devem ser tratados como desperd\u00edcio.<\/p>\n\n\n\n<p class=\"wp-block-paragraph\">Noites mal dormidas n\u00e3o devem ser normalizadas como estrat\u00e9gia de gest\u00e3o do tempo. Quando a rotina exige redu\u00e7\u00e3o frequente do sono para cumprir tarefas, \u00e9 necess\u00e1rio rever a carga, os prazos e a distribui\u00e7\u00e3o dos compromissos.<\/p>\n\n\n\n<p class=\"wp-block-paragraph\">Al\u00e9m da quantidade, a regularidade e a qualidade do sono s\u00e3o relevantes para o funcionamento di\u00e1rio. Por isso, o per\u00edodo de descanso precisa aparecer no planejamento como uma necessidade real, e n\u00e3o como o tempo que sobra depois de todas as tarefas.<\/p>\n\n\n\n<p class=\"wp-block-paragraph\">Sinais como ansiedade persistente, ins\u00f4nia frequente, desesperan\u00e7a, irritabilidade intensa ou dificuldade para realizar atividades cotidianas n\u00e3o devem ser tratados exclusivamente com t\u00e9cnicas de&nbsp;gest\u00e3o do tempo. Nesses casos, procure apoio da institui\u00e7\u00e3o de ensino, dos canais da empresa, da rede p\u00fablica ou de um profissional de sa\u00fade.<\/p>\n\n\n\n<p class=\"wp-block-paragraph\">Sa\u00fade mental n\u00e3o \u00e9 apenas uma ferramenta para aumentar a produtividade. T\u00e9cnicas de organiza\u00e7\u00e3o podem reduzir parte da desordem da rotina, mas n\u00e3o substituem avalia\u00e7\u00e3o e cuidado profissional quando necess\u00e1rios.<\/p>\n\n\n\n<p class=\"wp-block-paragraph\">Tamb\u00e9m \u00e9 v\u00e1lido recusar ou questionar demandas incompat\u00edveis com a jornada, a forma\u00e7\u00e3o, a seguran\u00e7a ou a capacidade do estudante naquele momento. Pedir ajuda n\u00e3o \u00e9 falta de profissionalismo. \u00c9 uma forma respons\u00e1vel de comunicar limites e prevenir erros.<\/p>\n\n\n\n<h2 class=\"responsabilidade\">A gest\u00e3o do tempo \u00e9 uma responsabilidade compartilhada<\/h2>\n\n\n\n<p class=\"wp-block-paragraph\">A&nbsp;gest\u00e3o do tempo entre est\u00e1gio e estudos&nbsp;n\u00e3o depende apenas do estudante. A concilia\u00e7\u00e3o da rotina tamb\u00e9m \u00e9 influenciada pelas decis\u00f5es e condi\u00e7\u00f5es oferecidas pela empresa, pela institui\u00e7\u00e3o de ensino e pela equipe.<\/p>\n\n\n\n<figure class=\"wp-block-table\"><table class=\"has-fixed-layout\"><thead><tr><th>Respons\u00e1vel<\/th><th>Contribui\u00e7\u00f5es esperadas<\/th><\/tr><\/thead><tbody><tr><td>Estudante<\/td><td>Organizar compromissos, comunicar conflitos, cumprir o termo e pedir ajuda<\/td><\/tr><tr><td>Supervisor e RH<\/td><td>Respeitar a jornada, alinhar prioridades e considerar os per\u00edodos de avalia\u00e7\u00e3o<\/td><\/tr><tr><td>Institui\u00e7\u00e3o de ensino<\/td><td>Orientar, acompanhar o est\u00e1gio e intervir diante de irregularidades<\/td><\/tr><tr><td>Equipe<\/td><td>Fornecer informa\u00e7\u00f5es, definir prazos razo\u00e1veis e comunicar mudan\u00e7as<\/td><\/tr><\/tbody><\/table><\/figure>\n\n\n\n<p class=\"wp-block-paragraph\">Se a dificuldade decorrer de jornada acima do limite, atividades incompat\u00edveis, aus\u00eancia de supervis\u00e3o ou press\u00e3o para sacrificar os estudos, a solu\u00e7\u00e3o n\u00e3o est\u00e1 apenas em melhorar a&nbsp;gest\u00e3o do tempo pessoal.<\/p>\n\n\n\n<p class=\"wp-block-paragraph\">Um aplicativo, uma agenda ou uma t\u00e9cnica de produtividade n\u00e3o corrige uma organiza\u00e7\u00e3o profissional inadequada.<\/p>\n\n\n\n<h2 class=\"ajuda\">Quando pedir ajuda<\/h2>\n\n\n\n<p class=\"wp-block-paragraph\">Procure orienta\u00e7\u00e3o quando:<\/p>\n\n\n\n<ul class=\"wp-block-list\">\n<li>Os prazos acad\u00eamicos e profissionais entrarem em conflito repetidamente.<\/li>\n\n\n\n<li>A jornada real n\u00e3o corresponder ao termo de compromisso.<\/li>\n\n\n\n<li>N\u00e3o houver a redu\u00e7\u00e3o prevista nos per\u00edodos de avalia\u00e7\u00e3o, apesar do que estabelece o termo.<\/li>\n\n\n\n<li>As atividades do est\u00e1gio n\u00e3o forem compat\u00edveis com a forma\u00e7\u00e3o.<\/li>\n\n\n\n<li>A falta de sono ou a sensa\u00e7\u00e3o de sobrecarga persistir.<\/li>\n\n\n\n<li>N\u00e3o estiver claro qual prioridade deve ser atendida.<\/li>\n\n\n\n<li>Houver ass\u00e9dio, discrimina\u00e7\u00e3o, inseguran\u00e7a ou dificuldade de acesso a apoio.<\/li>\n<\/ul>\n\n\n\n<p class=\"wp-block-paragraph\">Quando for seguro e adequado, comece pelo supervisor ou pelo RH. Se o problema n\u00e3o for resolvido, procure o professor orientador e a coordena\u00e7\u00e3o de est\u00e1gio da institui\u00e7\u00e3o de ensino.<\/p>\n\n\n\n<p class=\"wp-block-paragraph\">A necessidade de ajuda n\u00e3o representa necessariamente uma falha na gest\u00e3o do tempo. Em muitos casos, ela revela um conflito de demandas que precisa ser resolvido coletivamente.<\/p>\n\n\n\n<h2 class=\"checklist\">Checklist de gest\u00e3o do tempo sustent\u00e1vel<\/h2>\n\n\n\n<ul class=\"wp-block-list\">\n<li>\u00a0Conferi a jornada e as atividades previstas no termo de compromisso.<\/li>\n\n\n\n<li>\u00a0Registrei aulas, provas, trabalhos, prazos do est\u00e1gio e deslocamentos.<\/li>\n\n\n\n<li>\u00a0Comuniquei ao supervisor as datas das avalia\u00e7\u00f5es com anteced\u00eancia.<\/li>\n\n\n\n<li>\u00a0Conhe\u00e7o o procedimento para redu\u00e7\u00e3o da jornada nos per\u00edodos de avalia\u00e7\u00e3o.<\/li>\n\n\n\n<li>\u00a0Dividi tarefas grandes em a\u00e7\u00f5es menores e prazos intermedi\u00e1rios.<\/li>\n\n\n\n<li>\u00a0Reservei tempo realista para revis\u00e3o, alimenta\u00e7\u00e3o, deslocamento e descanso.<\/li>\n\n\n\n<li>\u00a0Escolhi uma ferramenta de gest\u00e3o do tempo que consigo manter atualizada.<\/li>\n\n\n\n<li>\u00a0Evitei ocupar todos os hor\u00e1rios e deixei margem para imprevistos.<\/li>\n\n\n\n<li>\u00a0Revisei semanalmente as prioridades e renegociei o que fosse necess\u00e1rio.<\/li>\n\n\n\n<li>\u00a0N\u00e3o estou usando noites mal dormidas como estrat\u00e9gia regular.<\/li>\n\n\n\n<li>\u00a0Sei a quem pedir ajuda na empresa e na institui\u00e7\u00e3o de ensino.<\/li>\n\n\n\n<li>\u00a0Procuro apoio quando a sobrecarga persiste ou afeta minha sa\u00fade.<\/li>\n<\/ul>\n\n\n\n<h2 class=\"wp-block-heading\">Conclus\u00e3o<\/h2>\n\n\n\n<p class=\"wp-block-paragraph\">A&nbsp;gest\u00e3o do tempo entre estudos e est\u00e1gio&nbsp;exige planejamento, comunica\u00e7\u00e3o e limites realistas. A matriz de Eisenhower, os calend\u00e1rios, as listas de tarefas, o planejamento reverso e os blocos de tempo podem ajudar, mas nenhuma ferramenta substitui uma jornada adequada, supervis\u00e3o respons\u00e1vel, prioridades negociadas e descanso suficiente.<\/p>\n\n\n\n<p class=\"wp-block-paragraph\">O objetivo da gest\u00e3o do tempo n\u00e3o \u00e9 fazer o estudante produzir mais a qualquer custo. \u00c9 ajud\u00e1-lo a aprender, cumprir suas responsabilidades e preservar a sa\u00fade dentro das condi\u00e7\u00f5es previstas para o est\u00e1gio.<\/p>\n\n\n\n<p class=\"wp-block-paragraph\">Quando a carga se torna incompat\u00edvel com os estudos ou com o bem-estar, o caminho n\u00e3o \u00e9 apenas tentar encaixar mais atividades na agenda. \u00c9 comunicar o problema, rever as prioridades e buscar apoio.enda: \u00e9 comunicar o problema e buscar apoio.<\/p>\n\n\n\n<p class=\"wp-block-paragraph\">Leia tamb\u00e9m: <a href=\"https:\/\/www.superestagios.com.br\/blog\/soft-skills-no-estagio\/\" target=\"_blank\" rel=\"noreferrer noopener\">Soft skills no est\u00e1gio: compet\u00eancias comportamentais valorizadas<\/a> | <a href=\"https:\/\/www.superestagios.com.br\/blog\/como-ser-efetivado-no-estagio\/\">Como buscar a efetiva\u00e7\u00e3o no est\u00e1gio: 8 atitudes pr\u00e1ticas para aumentar sua prepara\u00e7\u00e3o<\/a><\/p>\n\n\n\n<p class=\"wp-block-paragraph\"><\/p>\n","protected":false},"excerpt":{"rendered":"<p>Conciliar est\u00e1gio, faculdade ou ensino t\u00e9cnico pode exigir uma reorganiza\u00e7\u00e3o significativa da rotina, especialmente quando existem deslocamentos, provas, trabalhos acad\u00eamicos e prazos profissionais pr\u00f3ximos. Nesse cen\u00e1rio,<span class=\"excerpt-hellip\"> [\u2026]<\/span><\/p>\n","protected":false},"author":1,"featured_media":0,"comment_status":"open","ping_status":"open","sticky":false,"template":"","format":"standard","meta":{"footnotes":""},"categories":[48,10],"tags":[56,40,55,53,54,52],"class_list":["post-530","post","type-post","status-publish","format-standard","hentry","category-carreira","category-dicas-para-estudantes","tag-equilibrio","tag-estagio","tag-faculdade","tag-gestao-do-tempo","tag-produtividade","tag-rotina"],"_links":{"self":[{"href":"https:\/\/www.superestagios.com.br\/blog\/wp-json\/wp\/v2\/posts\/530","targetHints":{"allow":["GET"]}}],"collection":[{"href":"https:\/\/www.superestagios.com.br\/blog\/wp-json\/wp\/v2\/posts"}],"about":[{"href":"https:\/\/www.superestagios.com.br\/blog\/wp-json\/wp\/v2\/types\/post"}],"author":[{"embeddable":true,"href":"https:\/\/www.superestagios.com.br\/blog\/wp-json\/wp\/v2\/users\/1"}],"replies":[{"embeddable":true,"href":"https:\/\/www.superestagios.com.br\/blog\/wp-json\/wp\/v2\/comments?post=530"}],"version-history":[{"count":3,"href":"https:\/\/www.superestagios.com.br\/blog\/wp-json\/wp\/v2\/posts\/530\/revisions"}],"predecessor-version":[{"id":536,"href":"https:\/\/www.superestagios.com.br\/blog\/wp-json\/wp\/v2\/posts\/530\/revisions\/536"}],"wp:attachment":[{"href":"https:\/\/www.superestagios.com.br\/blog\/wp-json\/wp\/v2\/media?parent=530"}],"wp:term":[{"taxonomy":"category","embeddable":true,"href":"https:\/\/www.superestagios.com.br\/blog\/wp-json\/wp\/v2\/categories?post=530"},{"taxonomy":"post_tag","embeddable":true,"href":"https:\/\/www.superestagios.com.br\/blog\/wp-json\/wp\/v2\/tags?post=530"}],"curies":[{"name":"wp","href":"https:\/\/api.w.org\/{rel}","templated":true}]}}